{"id":102,"date":"2024-10-31T08:52:14","date_gmt":"2024-10-31T07:52:14","guid":{"rendered":"https:\/\/surmonbosquet.celinecampillo.fr\/?p=102"},"modified":"2024-10-31T08:52:14","modified_gmt":"2024-10-31T07:52:14","slug":"berceuse-automnale","status":"publish","type":"post","link":"https:\/\/surmonbosquet.celinecampillo.fr\/index.php\/2024\/10\/31\/berceuse-automnale\/","title":{"rendered":"Berceuse automnale"},"content":{"rendered":"\n<figure class=\"wp-block-image size-full\"><img loading=\"lazy\" decoding=\"async\" width=\"900\" height=\"600\" src=\"https:\/\/surmonbosquet.celinecampillo.fr\/wp-content\/uploads\/2024\/10\/IMG_5629.jpg\" alt=\"\" class=\"wp-image-103\" srcset=\"https:\/\/surmonbosquet.celinecampillo.fr\/wp-content\/uploads\/2024\/10\/IMG_5629.jpg 900w, https:\/\/surmonbosquet.celinecampillo.fr\/wp-content\/uploads\/2024\/10\/IMG_5629-300x200.jpg 300w, https:\/\/surmonbosquet.celinecampillo.fr\/wp-content\/uploads\/2024\/10\/IMG_5629-768x512.jpg 768w\" sizes=\"auto, (max-width: 900px) 100vw, 900px\" \/><\/figure>\n\n\n\n<p>J\u2019attends d\u2019humer la fra\u00eecheur matinale que j\u2019ai aper\u00e7ue au r\u00e9veil par la fen\u00eatre, j\u2019y ai vu une p\u00e2le lueur parsemer lentement ses ombre, ici et l\u00e0. Pour prolonger l\u2019\u00e9motion, je choisis avec soin ma playlist musicale pour m\u2019accompagner, je redresse le ch\u00e2le sur mon \u00e9paule. Je suis all\u00e9e le chercher dans l\u2019armoire au milieu des pulls d\u2019hiver encore bien pli\u00e9s. Ce geste de poser la laine sur les \u00e9paules me plonge dans ces moments similaires, \u00e0 chercher du r\u00e9confort et me couvrir de douceur. Depuis ma tasse entour\u00e9e de mes mains, afin de profiter de sa chaleur, je m\u2019impr\u00e8gne du glacis d\u00e9pos\u00e9 parmi les ciels et invite l\u2019automne en mon foyer. Tout \u00e0 l\u2019heure sur le chemin de l\u2019\u00e9cole, j\u2019irai chercher ma fille, en prenant\u00a0 un malicieux plaisir \u00e0 glaner des marrons et des glands, comme je le faisais lorsque j\u2019\u00e9tais enfant. Je les laisserai infuser dans les poches de ma veste, \u00e9gal \u00e0 un talisman, le bon \u0153il sur les r\u00e9coltes de cet \u00e9t\u00e9, l\u2019assurance de croire en l\u2019abondance de nouveaux projets, la certitude qu\u2019il est toujours possible de se cr\u00e9er sa propre lumi\u00e8re. Les buissons de m\u00fbres crois\u00e9s sur mes pas, sont aussi des royaumes d\u2019infinis mots qui se transforment en po\u00e9sie. Quand la saison froide ouvre enfin ses portes, ce socle de souvenirs est une lanterne ou un soleil, tel une missive \u00e0 se parer de notre int\u00e9rieur, une invitation \u00e0 la douceur.<\/p>\n\n\n\n<p>Photo: octobre 2016.<\/p>\n","protected":false},"excerpt":{"rendered":"<p>J\u2019attends d\u2019humer la fra\u00eecheur matinale que j\u2019ai aper\u00e7ue au r\u00e9veil par la fen\u00eatre, j\u2019y ai vu une p\u00e2le lueur parsemer lentement ses ombre, ici et l\u00e0. Pour prolonger l\u2019\u00e9motion, je choisis avec soin ma playlist musicale pour m\u2019accompagner, je redresse le ch\u00e2le sur mon \u00e9paule. Je suis all\u00e9e le chercher dans l\u2019armoire au milieu des&hellip; <a class=\"more-link\" href=\"https:\/\/surmonbosquet.celinecampillo.fr\/index.php\/2024\/10\/31\/berceuse-automnale\/\">Poursuivre la lecture <span class=\"screen-reader-text\">Berceuse automnale<\/span><\/a><\/p>\n","protected":false},"author":1,"featured_media":103,"comment_status":"open","ping_status":"open","sticky":false,"template":"","format":"standard","meta":{"footnotes":""},"categories":[1],"tags":[],"class_list":["post-102","post","type-post","status-publish","format-standard","has-post-thumbnail","hentry","category-1","entry"],"_links":{"self":[{"href":"https:\/\/surmonbosquet.celinecampillo.fr\/index.php\/wp-json\/wp\/v2\/posts\/102","targetHints":{"allow":["GET"]}}],"collection":[{"href":"https:\/\/surmonbosquet.celinecampillo.fr\/index.php\/wp-json\/wp\/v2\/posts"}],"about":[{"href":"https:\/\/surmonbosquet.celinecampillo.fr\/index.php\/wp-json\/wp\/v2\/types\/post"}],"author":[{"embeddable":true,"href":"https:\/\/surmonbosquet.celinecampillo.fr\/index.php\/wp-json\/wp\/v2\/users\/1"}],"replies":[{"embeddable":true,"href":"https:\/\/surmonbosquet.celinecampillo.fr\/index.php\/wp-json\/wp\/v2\/comments?post=102"}],"version-history":[{"count":1,"href":"https:\/\/surmonbosquet.celinecampillo.fr\/index.php\/wp-json\/wp\/v2\/posts\/102\/revisions"}],"predecessor-version":[{"id":104,"href":"https:\/\/surmonbosquet.celinecampillo.fr\/index.php\/wp-json\/wp\/v2\/posts\/102\/revisions\/104"}],"wp:featuredmedia":[{"embeddable":true,"href":"https:\/\/surmonbosquet.celinecampillo.fr\/index.php\/wp-json\/wp\/v2\/media\/103"}],"wp:attachment":[{"href":"https:\/\/surmonbosquet.celinecampillo.fr\/index.php\/wp-json\/wp\/v2\/media?parent=102"}],"wp:term":[{"taxonomy":"category","embeddable":true,"href":"https:\/\/surmonbosquet.celinecampillo.fr\/index.php\/wp-json\/wp\/v2\/categories?post=102"},{"taxonomy":"post_tag","embeddable":true,"href":"https:\/\/surmonbosquet.celinecampillo.fr\/index.php\/wp-json\/wp\/v2\/tags?post=102"}],"curies":[{"name":"wp","href":"https:\/\/api.w.org\/{rel}","templated":true}]}}