{"id":149,"date":"2025-08-10T09:19:03","date_gmt":"2025-08-10T07:19:03","guid":{"rendered":"https:\/\/surmonbosquet.celinecampillo.fr\/?p=149"},"modified":"2025-08-10T09:19:04","modified_gmt":"2025-08-10T07:19:04","slug":"resilience","status":"publish","type":"post","link":"https:\/\/surmonbosquet.celinecampillo.fr\/index.php\/2025\/08\/10\/resilience\/","title":{"rendered":"R\u00e9silience"},"content":{"rendered":"\n<p>Mes failles prennent des allures de fleurs, r\u00e9unies en bouquet. Je les entretiens, je converse avec elles, elles sont les couleurs que je m\u00e9lange \u00e0 mon ciel, si intense. J\u2019ai toujours dessin\u00e9 ce que je voyais de plus beau, j\u2019offrais \u00e0 mon c\u0153ur un rythme digne, de la pointe d\u2019une \u00e9p\u00e9e acharn\u00e9e dans une qu\u00eate, au soleil couchant immuable.&nbsp;<\/p>\n\n\n\n<p>J\u2019ai choisi la nuit pour na\u00eetre, j\u2019ai suscit\u00e9 quelques frayeurs pour avoir explor\u00e9 le plus loin possible mon int\u00e9rieur et c\u00f4toy\u00e9 des sentiers bien plus obscurs qu\u2019on ose parfois le croire.&nbsp;<\/p>\n\n\n\n<p>En te creusant une place \u00e0 mes c\u00f4t\u00e9s, c\u2019est moi qui me suis effondr\u00e9e, mais je n\u2019ai pas touch\u00e9 terre, j\u2019ai effleur\u00e9 la lune. Son \u00e9clat a fa\u00e7onn\u00e9 en moi les myst\u00e8res des mots, po\u00e9tiser les murmures de la vie et fertiliser mes racines.&nbsp;<\/p>\n\n\n\n<p>Tout en mouvance, m\u2019ancrer ici et l\u00e0, distiller la magie de l\u2019instant et les \u00e9nergies cr\u00e9atives en pluies diluviennes, s\u2019abattant sur les \u00e9motions, les moindres frissons.<\/p>\n\n\n\n<p>Je n\u2019ai pas besoin de ton regard pour fleurir.<\/p>\n","protected":false},"excerpt":{"rendered":"<p>Mes failles prennent des allures de fleurs, r\u00e9unies en bouquet. Je les entretiens, je converse avec elles, elles sont les couleurs que je m\u00e9lange \u00e0 mon ciel, si intense. J\u2019ai toujours dessin\u00e9 ce que je voyais de plus beau, j\u2019offrais \u00e0 mon c\u0153ur un rythme digne, de la pointe d\u2019une \u00e9p\u00e9e acharn\u00e9e dans une qu\u00eate,&hellip; <a class=\"more-link\" href=\"https:\/\/surmonbosquet.celinecampillo.fr\/index.php\/2025\/08\/10\/resilience\/\">Poursuivre la lecture <span class=\"screen-reader-text\">R\u00e9silience<\/span><\/a><\/p>\n","protected":false},"author":1,"featured_media":150,"comment_status":"open","ping_status":"open","sticky":false,"template":"","format":"standard","meta":{"footnotes":""},"categories":[5],"tags":[],"class_list":["post-149","post","type-post","status-publish","format-standard","has-post-thumbnail","hentry","category-5","entry"],"_links":{"self":[{"href":"https:\/\/surmonbosquet.celinecampillo.fr\/index.php\/wp-json\/wp\/v2\/posts\/149","targetHints":{"allow":["GET"]}}],"collection":[{"href":"https:\/\/surmonbosquet.celinecampillo.fr\/index.php\/wp-json\/wp\/v2\/posts"}],"about":[{"href":"https:\/\/surmonbosquet.celinecampillo.fr\/index.php\/wp-json\/wp\/v2\/types\/post"}],"author":[{"embeddable":true,"href":"https:\/\/surmonbosquet.celinecampillo.fr\/index.php\/wp-json\/wp\/v2\/users\/1"}],"replies":[{"embeddable":true,"href":"https:\/\/surmonbosquet.celinecampillo.fr\/index.php\/wp-json\/wp\/v2\/comments?post=149"}],"version-history":[{"count":1,"href":"https:\/\/surmonbosquet.celinecampillo.fr\/index.php\/wp-json\/wp\/v2\/posts\/149\/revisions"}],"predecessor-version":[{"id":151,"href":"https:\/\/surmonbosquet.celinecampillo.fr\/index.php\/wp-json\/wp\/v2\/posts\/149\/revisions\/151"}],"wp:featuredmedia":[{"embeddable":true,"href":"https:\/\/surmonbosquet.celinecampillo.fr\/index.php\/wp-json\/wp\/v2\/media\/150"}],"wp:attachment":[{"href":"https:\/\/surmonbosquet.celinecampillo.fr\/index.php\/wp-json\/wp\/v2\/media?parent=149"}],"wp:term":[{"taxonomy":"category","embeddable":true,"href":"https:\/\/surmonbosquet.celinecampillo.fr\/index.php\/wp-json\/wp\/v2\/categories?post=149"},{"taxonomy":"post_tag","embeddable":true,"href":"https:\/\/surmonbosquet.celinecampillo.fr\/index.php\/wp-json\/wp\/v2\/tags?post=149"}],"curies":[{"name":"wp","href":"https:\/\/api.w.org\/{rel}","templated":true}]}}