{"id":161,"date":"2025-09-26T10:53:59","date_gmt":"2025-09-26T08:53:59","guid":{"rendered":"https:\/\/surmonbosquet.celinecampillo.fr\/?p=161"},"modified":"2025-09-26T10:53:59","modified_gmt":"2025-09-26T08:53:59","slug":"bienvenue-dans-ma-nebulosite","status":"publish","type":"post","link":"https:\/\/surmonbosquet.celinecampillo.fr\/index.php\/2025\/09\/26\/bienvenue-dans-ma-nebulosite\/","title":{"rendered":"Bienvenue dans ma n\u00e9bulosit\u00e9"},"content":{"rendered":"\n<p><em>Oeil pour oeil.<br>C&rsquo;est un monde int\u00e9rieur<br>Que tu devines dans le regard<br>Une plong\u00e9e dans l&rsquo;infiniment<br>du plus insignifiant moment<br>au plus grand.<br>C&rsquo;est une porte vers l&rsquo;invisible<br>qui d\u00e9truit toutes les barri\u00e8res<br>et qui pleure un monde oubli\u00e9<br>Quand les yeux venus d&rsquo;ailleurs<br>ne savent plus o\u00f9 aller.<\/em><br><\/p>\n\n\n\n<ol class=\"wp-block-list\">\n<li>Bienvenue dans ma n\u00e9bulosit\u00e9.<\/li>\n<\/ol>\n\n\n\n<p>J\u2019ai une envie folle d\u2019\u00e9crire, de voir les mots d\u00e9filer avec aisance et rapidit\u00e9 sur l\u2019\u00e9cran de mon ordinateur. Jusqu\u2019\u00e0 maintenant, cela rel\u00e8ve du fantasme, d\u2019avoir la capacit\u00e9 presque militaire de d\u00e9poser des mots sur mes pens\u00e9es. La r\u00e9alit\u00e9 est tout autre, pour la simple et bonne raison que je divague beaucoup. J\u2019ai toujours des choses \u00e0 dire, mais je divague beaucoup. Trop souvent et mon cerveau lui, ne semble pas vraiment coop\u00e9rer avec cette id\u00e9e. Il y a toujours quelque chose qui vient pour m\u2019arracher \u00e0 mes pens\u00e9es, \u00e0 placer ma boussole sur d\u2019autres, sans arr\u00eat. Avant de me poser pour \u00e9crire, je voulais trouver mon carnet de note. Je me suis lev\u00e9e, je suis all\u00e9e aux toilettes, et je suis revenue m\u2019asseoir. Mon carnet de notes est rest\u00e9 au chevet de mon lit, pour tenir compagnie au chat. Il a au moins le m\u00e9rite d\u2019exister et de me suivre presque partout (le carnet de note, le chat ne me suis pas toujours partout!). Je n\u2019ai m\u00eame pas besoin de distraction ext\u00e9rieure, je me distrait moi-m\u00eame, perdue dans ma n\u00e9bulosit\u00e9. Manquerait plus qu\u2019un coup de fil intempestif, pour la plupart du temps du d\u00e9marchage t\u00e9l\u00e9phonique, pour me ramener plus vite que l\u2019\u00e9clair sur terre. \u00e7a fait tout dr\u00f4le et sans surprise je n\u2019aime pas \u00e7a, \u00e7a me coupe dans mon \u00e9lan. Mais quel \u00e9lan? La derni\u00e8re pens\u00e9e qui m\u2019a travers\u00e9e? L\u2019envie d\u2019arr\u00eater de tourner en rond? Cela fait plusieurs ann\u00e9es maintenant que je tente de mettre des trucs en place, pour avancer. Jusqu\u2019\u00e0 preuve du contraire, les projets personnels sont toujours l\u00e0, mais tr\u00e8s peu sur papier. Par bribe, quelque part dans mon PC. Je d\u00e9marre une mise en page, je n\u2019arrive pas \u00e0 rester en place devant l\u2019\u00e9cran, besoin de bouger. Parfois je mets de la musique, \u00e7a semble plut\u00f4t bien fonctionner. Et s\u2019il faut vraiment que j\u2019avance, que je termine un projet, ma s\u00e9lection musicale \u00e9volue, dans un rythme plus soutenu, particulier et sombre. Le black metal, ou ce style musical tellement salvateur pour moi. Ce n\u2019est pas tr\u00e8s vendable de le dire, mais qu\u2019importe mes photos sont trait\u00e9es.&nbsp;<\/p>\n\n\n\n<p>J\u2019ai commenc\u00e9 \u00e0 ressentir une g\u00e8ne, lorsque j\u2019ai r\u00e9alis\u00e9 que je servais tr\u00e8s souvent une image brouillon de mon travail. Cette g\u00e8ne, je la ressentais d\u00e9j\u00e0 \u00e0 l\u2019\u00e9cole, parce que j\u2019\u00e9tais tout simplement pas capable de faire mieux, m\u00eame si les professeurs pouvaient le r\u00e9p\u00e9ter sur chaque bulletin de note, \u201c<em>peut faire mieux<\/em>\u201d.\u00a0<\/p>\n\n\n\n<p>Le plus dur est de me recentrer dans ce monde, trouver ma place. J\u2019ai une f\u00e2cheuse tendance \u00e0 vouloir m\u2019effacer, me cacher. Ne jamais me mettre en avant, parce que je n\u2019ai pas confiance en moi, que je suis persuad\u00e9e que les autres font mieux. J\u2019ai plusieurs fois \u00e9t\u00e9 confront\u00e9e \u00e0 des situations de conflits pour lesquelles j\u2019ai d\u00fb me mettre en avant. La sensation dans mon corps \u00e9tait terrible, litt\u00e9ralement \u00e0 en avoir la migraine, tellement j\u2019ai d\u00fb me forcer, cacher mes \u00e9motions, de peur qu\u2019on me prenne pour une folle. Mais le plus \u00e9trange, c&rsquo;est de se sentir bien, voire sereine apr\u00e8s avoir pass\u00e9 ce cap.&nbsp;<\/p>\n\n\n\n<p>Je ne suis franchement pas \u00e0 l\u2019aise en soci\u00e9t\u00e9 o\u00f9 les interactions sociales peuvent devenir grande source d\u2019angoisse pour moi. \u00e0 moins d\u2019\u00eatre quelque part pour une raison pr\u00e9cise, combien de fois je me suis dit \u201c<em>mais qu\u2019est-ce que tu fous l\u00e0, C\u00e9line?<\/em>\u201d. Les gens qui parlent (trop), ce qui cherchent l\u2019attention, ou captent les regards, sont pour moi des vampires. Comme s\u2019ils cherchaient \u00e0 nous emprisonner dans des pens\u00e9es uniques, je suis traumatis\u00e9e des grandes gueules, c\u2019est tr\u00e8s mauvais pour la sant\u00e9!<\/p>\n\n\n\n<p>Promis, je suis plut\u00f4t sympa, je souris, je fais de mon mieux pour \u00eatre pr\u00e9sente. Toutefois, ne vous m\u00e9prenez pas si mon regard porte ailleurs, si je r\u00e9ponds uniquement par des \u201chm, hm\u201d ou parfois coupe court \u00e0 la conversation. Il ne faut pas le dire, mais je m\u2019ennuie tr\u00e8s vite si \u00e7a ne m\u2019int\u00e9resse pas. ton discours sur le temps qu\u2019il fait en fait partie, d\u00e9sol\u00e9e pas d\u00e9sol\u00e9e.&nbsp;<\/p>\n\n\n\n<p>Le regard, c\u2019est de l\u2019art. J\u2019en apprends toujours plus sur moi-m\u00eame gr\u00e2ce \u00e0 l\u2019expression artistique\u2026<\/p>\n","protected":false},"excerpt":{"rendered":"<p>Oeil pour oeil.C&rsquo;est un monde int\u00e9rieurQue tu devines dans le regardUne plong\u00e9e dans l&rsquo;infinimentdu plus insignifiant momentau plus grand.C&rsquo;est une porte vers l&rsquo;invisiblequi d\u00e9truit toutes les barri\u00e8reset qui pleure un monde oubli\u00e9Quand les yeux venus d&rsquo;ailleursne savent plus o\u00f9 aller. J\u2019ai une envie folle d\u2019\u00e9crire, de voir les mots d\u00e9filer avec aisance et rapidit\u00e9 sur&hellip; <a class=\"more-link\" href=\"https:\/\/surmonbosquet.celinecampillo.fr\/index.php\/2025\/09\/26\/bienvenue-dans-ma-nebulosite\/\">Poursuivre la lecture <span class=\"screen-reader-text\">Bienvenue dans ma n\u00e9bulosit\u00e9<\/span><\/a><\/p>\n","protected":false},"author":1,"featured_media":162,"comment_status":"open","ping_status":"open","sticky":false,"template":"","format":"standard","meta":{"footnotes":""},"categories":[6],"tags":[],"class_list":["post-161","post","type-post","status-publish","format-standard","has-post-thumbnail","hentry","category-a-propos","entry"],"_links":{"self":[{"href":"https:\/\/surmonbosquet.celinecampillo.fr\/index.php\/wp-json\/wp\/v2\/posts\/161","targetHints":{"allow":["GET"]}}],"collection":[{"href":"https:\/\/surmonbosquet.celinecampillo.fr\/index.php\/wp-json\/wp\/v2\/posts"}],"about":[{"href":"https:\/\/surmonbosquet.celinecampillo.fr\/index.php\/wp-json\/wp\/v2\/types\/post"}],"author":[{"embeddable":true,"href":"https:\/\/surmonbosquet.celinecampillo.fr\/index.php\/wp-json\/wp\/v2\/users\/1"}],"replies":[{"embeddable":true,"href":"https:\/\/surmonbosquet.celinecampillo.fr\/index.php\/wp-json\/wp\/v2\/comments?post=161"}],"version-history":[{"count":1,"href":"https:\/\/surmonbosquet.celinecampillo.fr\/index.php\/wp-json\/wp\/v2\/posts\/161\/revisions"}],"predecessor-version":[{"id":163,"href":"https:\/\/surmonbosquet.celinecampillo.fr\/index.php\/wp-json\/wp\/v2\/posts\/161\/revisions\/163"}],"wp:featuredmedia":[{"embeddable":true,"href":"https:\/\/surmonbosquet.celinecampillo.fr\/index.php\/wp-json\/wp\/v2\/media\/162"}],"wp:attachment":[{"href":"https:\/\/surmonbosquet.celinecampillo.fr\/index.php\/wp-json\/wp\/v2\/media?parent=161"}],"wp:term":[{"taxonomy":"category","embeddable":true,"href":"https:\/\/surmonbosquet.celinecampillo.fr\/index.php\/wp-json\/wp\/v2\/categories?post=161"},{"taxonomy":"post_tag","embeddable":true,"href":"https:\/\/surmonbosquet.celinecampillo.fr\/index.php\/wp-json\/wp\/v2\/tags?post=161"}],"curies":[{"name":"wp","href":"https:\/\/api.w.org\/{rel}","templated":true}]}}