{"id":165,"date":"2025-10-07T10:37:05","date_gmt":"2025-10-07T08:37:05","guid":{"rendered":"https:\/\/surmonbosquet.celinecampillo.fr\/?p=165"},"modified":"2025-10-30T14:18:10","modified_gmt":"2025-10-30T13:18:10","slug":"mon-expression-artistique","status":"publish","type":"post","link":"https:\/\/surmonbosquet.celinecampillo.fr\/index.php\/2025\/10\/07\/mon-expression-artistique\/","title":{"rendered":"Mon expression artistique"},"content":{"rendered":"\n<figure class=\"wp-block-gallery has-nested-images columns-default is-cropped wp-block-gallery-1 is-layout-flex wp-block-gallery-is-layout-flex\">\n<figure class=\"wp-block-image size-large\"><img loading=\"lazy\" decoding=\"async\" width=\"520\" height=\"1024\" data-id=\"166\" src=\"https:\/\/surmonbosquet.celinecampillo.fr\/wp-content\/uploads\/2025\/10\/MG_8835-520x1024.jpg\" alt=\"\" class=\"wp-image-166\" srcset=\"https:\/\/surmonbosquet.celinecampillo.fr\/wp-content\/uploads\/2025\/10\/MG_8835-520x1024.jpg 520w, https:\/\/surmonbosquet.celinecampillo.fr\/wp-content\/uploads\/2025\/10\/MG_8835-152x300.jpg 152w, https:\/\/surmonbosquet.celinecampillo.fr\/wp-content\/uploads\/2025\/10\/MG_8835-768x1514.jpg 768w, https:\/\/surmonbosquet.celinecampillo.fr\/wp-content\/uploads\/2025\/10\/MG_8835-779x1536.jpg 779w, https:\/\/surmonbosquet.celinecampillo.fr\/wp-content\/uploads\/2025\/10\/MG_8835-1039x2048.jpg 1039w, https:\/\/surmonbosquet.celinecampillo.fr\/wp-content\/uploads\/2025\/10\/MG_8835-scaled.jpg 1299w\" sizes=\"auto, (max-width: 520px) 100vw, 520px\" \/><\/figure>\n\n\n\n<figure class=\"wp-block-image size-large\"><img loading=\"lazy\" decoding=\"async\" width=\"768\" height=\"1024\" data-id=\"167\" src=\"https:\/\/surmonbosquet.celinecampillo.fr\/wp-content\/uploads\/2025\/10\/IMG_20240307_120329197-768x1024.jpg\" alt=\"\" class=\"wp-image-167\" srcset=\"https:\/\/surmonbosquet.celinecampillo.fr\/wp-content\/uploads\/2025\/10\/IMG_20240307_120329197-768x1024.jpg 768w, https:\/\/surmonbosquet.celinecampillo.fr\/wp-content\/uploads\/2025\/10\/IMG_20240307_120329197-225x300.jpg 225w, https:\/\/surmonbosquet.celinecampillo.fr\/wp-content\/uploads\/2025\/10\/IMG_20240307_120329197-1152x1536.jpg 1152w, https:\/\/surmonbosquet.celinecampillo.fr\/wp-content\/uploads\/2025\/10\/IMG_20240307_120329197-1536x2048.jpg 1536w, https:\/\/surmonbosquet.celinecampillo.fr\/wp-content\/uploads\/2025\/10\/IMG_20240307_120329197-1568x2091.jpg 1568w, https:\/\/surmonbosquet.celinecampillo.fr\/wp-content\/uploads\/2025\/10\/IMG_20240307_120329197-scaled.jpg 1920w\" sizes=\"auto, (max-width: 768px) 100vw, 768px\" \/><\/figure>\n\n\n\n<figure class=\"wp-block-image size-large\"><img loading=\"lazy\" decoding=\"async\" width=\"1024\" height=\"1024\" data-id=\"168\" src=\"https:\/\/surmonbosquet.celinecampillo.fr\/wp-content\/uploads\/2025\/10\/Sans-titre-20-1-1024x1024.jpg\" alt=\"\" class=\"wp-image-168\" srcset=\"https:\/\/surmonbosquet.celinecampillo.fr\/wp-content\/uploads\/2025\/10\/Sans-titre-20-1-1024x1024.jpg 1024w, https:\/\/surmonbosquet.celinecampillo.fr\/wp-content\/uploads\/2025\/10\/Sans-titre-20-1-300x300.jpg 300w, https:\/\/surmonbosquet.celinecampillo.fr\/wp-content\/uploads\/2025\/10\/Sans-titre-20-1-150x150.jpg 150w, https:\/\/surmonbosquet.celinecampillo.fr\/wp-content\/uploads\/2025\/10\/Sans-titre-20-1-768x768.jpg 768w, https:\/\/surmonbosquet.celinecampillo.fr\/wp-content\/uploads\/2025\/10\/Sans-titre-20-1.jpg 1080w\" sizes=\"auto, (max-width: 1024px) 100vw, 1024px\" \/><\/figure>\n<\/figure>\n\n\n\n<p><em>J\u2019ai l\u2019esprit ailleurs.<br>Je me suis fait rattraper par une sorte de lassitude qui dormait, \u00e0 tenter de courir apr\u00e8s le para\u00eetre, le besoin de se montrer pour exister. Les fronti\u00e8res du r\u00e9el s&rsquo;amenuisent ici et je ne m\u2019y retrouve plus. Je n\u2019ai rien perdu de mon essence, seulement je ressens le besoin d\u2019autre chose. Mon existence pourrait s\u2019apparenter en ce moment\u00a0 \u00e0 un champ de bataille. Je suis \u00e0 la fois la guerri\u00e8re et la Morrigan.\u00a0<br>Mon attention se porte sur mon exploration int\u00e9rieure, mon intuition toujours plus forte et mes r\u00e9els besoins. Je me suis \u00e9gar\u00e9e pour un temps, d\u00e9sint\u00e9gr\u00e9e dans l\u2019atmosph\u00e8re pour rena\u00eetre de cet \u00e9parpillement sur un printemps fait de douceur et de cr\u00e9ativit\u00e9.<\/em><\/p>\n\n\n\n<p>II. Mon expression artistique<\/p>\n\n\n\n<p>Je suis a priori une girouette qui aime faire beaucoup de choses, mais \u00e7a je ne le r\u00e9aliserai que plus tard. Je sais n\u00e9anmoins que j\u2019ai besoin de toujours faire quelque chose de mes mains, comme si elles \u00e9taient un arrosoir, un moyen de purger le trop plein de mes pens\u00e9es. J\u2019ai pratiqu\u00e9 longtemps la peinture \u00e0 l\u2019huile, plus que d\u2019autres m\u00e9diums, apr\u00e8s avoir pass\u00e9 mon enfance \u00e0 dessiner (il y a encore des feutres chez mes parents, ceux-ci peuvent toujours servir), faire des loisirs cr\u00e9atifs et adolescente, m\u2019essayer \u00e0 la po\u00e9sie. Plus tard, je me suis lanc\u00e9e dans la photographie, j\u2019ai m\u00eame tent\u00e9 d\u2019en faire mon m\u00e9tier, et actuellement je suis plus tourn\u00e9e vers l\u2019\u00e9criture. Il m\u2019arrive de faire un peu de tout \u00e7a encore, selon les p\u00e9riodes et\u2026 les envies de ma fille (enfiler des perles c\u2019est tellement relaxant!). Je constate cependant qu\u2019elle a beaucoup moins de patience que moi.&nbsp;<\/p>\n\n\n\n<p>Je peux rester des heures sur un truc, ou compl\u00e8tement le contraire, si j\u2019estime que ce \u201ctravail\u201d est termin\u00e9. J\u2019\u00e9vite de me poser trop de questions, je laisse parfois le premier r\u00e9sultat brut, afin de ne pas revenir dessus encore et encore. Je laisse exprimer ma spontan\u00e9it\u00e9, mon authenticit\u00e9. C\u2019est cela que j\u2019aime finalement dans la photographie. L\u2019expression artistique est une pratique qui ne conna\u00eet pas le jugement, qui laisse assez d\u2019espace pour se retrouver et s&rsquo;apprivoiser. \u00c9videmment, je pourrais passer beaucoup de temps \u00e0 la retouche, mais je ne le fais pas, je choisi de laisser la photographie telle qu\u2019elle est car elle exprime une pens\u00e9e totalement pr\u00e9sente au moment venu. Une pens\u00e9e qui m\u2019a impr\u00e9gn\u00e9e l\u2019esprit, que je devais faire sortir unanimement.&nbsp;<\/p>\n\n\n\n<p>Je ne ma\u00eetrise pas les grandes techniques, le m\u00e9dium ou le support vient spontan\u00e9ment \u00e0 moi et j\u2019aime l\u2019id\u00e9e de pouvoir en faire quelque chose. Je r\u00eave d\u2019avoir une pi\u00e8ce d\u00e9di\u00e9e, un atelier rien qu\u2019\u00e0 moi o\u00f9 j\u2019y mettrais tout mon fourbi, mon bazarre, toutes ces choses accumul\u00e9es depuis tant d\u2019ann\u00e9es. Une table, assez grande pour laisser place \u00e0 mon imagination.&nbsp;<\/p>\n\n\n\n<p>Je ne pense pas exceller dans un art ou un autre, j\u2019en fait mon outil m\u00e9diateur, mon extension de pens\u00e9es.&nbsp;<\/p>\n\n\n\n<p>Je ne suis pas musicienne, mais extr\u00eamement touch\u00e9e par la musique au quotidien. parfois elle seule suffit pour m&rsquo;apaiser lorsque je n\u2019ai pas la possibilit\u00e9 de m\u2019exprimer autrement. Cela fait couler beaucoup de larmes en voiture, souvent.&nbsp;<\/p>\n\n\n\n<p>J\u2019ai tout de m\u00eame des r\u00eaves, comme celui d\u2019\u00eatre publi\u00e9e, notamment mes photos accompagn\u00e9es de mes po\u00e8mes et j\u2019aimerais aller au bout d\u2019un roman. Cela est extr\u00eamement ambitieux et j\u2019ai un gros probl\u00e8me avec cet adjectif car, je ne suis pas une personne ambitieuse, je ne cours pas apr\u00e8s des objectifs de vie. Je me laisser guider par les \u00e9v\u00e9nements, m\u00eame si avec l\u2019\u00e2ge je prends \u00e9videmment plus de pr\u00e9cautions avant de me lancer, corps perdu dans une quelconque nouvelle aventure. Je suis devenue maman aussi. \u00c7a \u00e9quilibre la balance.&nbsp;<\/p>\n\n\n\n<p>Alors, les r\u00e9seaux sociaux, c\u2019est un monde inconnu pour moi, je n\u2019y pr\u00eate gu\u00e8re attention, je ne travaille pas du tout \u00e0 ce sujet. J\u2019ai abandonn\u00e9 l\u2019id\u00e9e de ce syst\u00e8me de r\u00e9compenses bien rod\u00e9 par cette sph\u00e8re. Je fais comme j\u2019ai toujours fait, un petit grain de sable parmi tant d\u2019autres. Et vous comme moi, je suis persuad\u00e9e que nous avons beaucoup \u00e0 dire et \u00e0 montrer.&nbsp;<\/p>\n\n\n\n<p><strong>Peinture<\/strong>: <em><strong>D\u00e9sint\u00e9gration<\/strong>, collage, acrylique, stylo feutre et gel, mars 2024. Surement un travail n\u00e9 dans la douleur, la d\u00e9sagr\u00e9able sensation du vide dans les entrailles, alors que je traversais une p\u00e9riode tr\u00e8s difficile o\u00f9 je devais absolument retrouver ma route. J\u2019\u00e9tais en proie \u00e0 beaucoup de questionnements. Je me sentais compl\u00e8tement abandonn\u00e9e.\u00a0<\/em><\/p>\n","protected":false},"excerpt":{"rendered":"<p>J\u2019ai l\u2019esprit ailleurs.Je me suis fait rattraper par une sorte de lassitude qui dormait, \u00e0 tenter de courir apr\u00e8s le para\u00eetre, le besoin de se montrer pour exister. Les fronti\u00e8res du r\u00e9el s&rsquo;amenuisent ici et je ne m\u2019y retrouve plus. Je n\u2019ai rien perdu de mon essence, seulement je ressens le besoin d\u2019autre chose. Mon&hellip; <a class=\"more-link\" href=\"https:\/\/surmonbosquet.celinecampillo.fr\/index.php\/2025\/10\/07\/mon-expression-artistique\/\">Poursuivre la lecture <span class=\"screen-reader-text\">Mon expression artistique<\/span><\/a><\/p>\n","protected":false},"author":1,"featured_media":167,"comment_status":"open","ping_status":"open","sticky":false,"template":"","format":"standard","meta":{"footnotes":""},"categories":[6],"tags":[],"class_list":["post-165","post","type-post","status-publish","format-standard","has-post-thumbnail","hentry","category-a-propos","entry"],"_links":{"self":[{"href":"https:\/\/surmonbosquet.celinecampillo.fr\/index.php\/wp-json\/wp\/v2\/posts\/165","targetHints":{"allow":["GET"]}}],"collection":[{"href":"https:\/\/surmonbosquet.celinecampillo.fr\/index.php\/wp-json\/wp\/v2\/posts"}],"about":[{"href":"https:\/\/surmonbosquet.celinecampillo.fr\/index.php\/wp-json\/wp\/v2\/types\/post"}],"author":[{"embeddable":true,"href":"https:\/\/surmonbosquet.celinecampillo.fr\/index.php\/wp-json\/wp\/v2\/users\/1"}],"replies":[{"embeddable":true,"href":"https:\/\/surmonbosquet.celinecampillo.fr\/index.php\/wp-json\/wp\/v2\/comments?post=165"}],"version-history":[{"count":1,"href":"https:\/\/surmonbosquet.celinecampillo.fr\/index.php\/wp-json\/wp\/v2\/posts\/165\/revisions"}],"predecessor-version":[{"id":169,"href":"https:\/\/surmonbosquet.celinecampillo.fr\/index.php\/wp-json\/wp\/v2\/posts\/165\/revisions\/169"}],"wp:featuredmedia":[{"embeddable":true,"href":"https:\/\/surmonbosquet.celinecampillo.fr\/index.php\/wp-json\/wp\/v2\/media\/167"}],"wp:attachment":[{"href":"https:\/\/surmonbosquet.celinecampillo.fr\/index.php\/wp-json\/wp\/v2\/media?parent=165"}],"wp:term":[{"taxonomy":"category","embeddable":true,"href":"https:\/\/surmonbosquet.celinecampillo.fr\/index.php\/wp-json\/wp\/v2\/categories?post=165"},{"taxonomy":"post_tag","embeddable":true,"href":"https:\/\/surmonbosquet.celinecampillo.fr\/index.php\/wp-json\/wp\/v2\/tags?post=165"}],"curies":[{"name":"wp","href":"https:\/\/api.w.org\/{rel}","templated":true}]}}