{"id":68,"date":"2024-10-14T10:49:20","date_gmt":"2024-10-14T08:49:20","guid":{"rendered":"https:\/\/surmonbosquet.celinecampillo.fr\/?p=68"},"modified":"2024-10-14T10:49:20","modified_gmt":"2024-10-14T08:49:20","slug":"a-tous-les-ami-es","status":"publish","type":"post","link":"https:\/\/surmonbosquet.celinecampillo.fr\/index.php\/2024\/10\/14\/a-tous-les-ami-es\/","title":{"rendered":"A tous les ami.es"},"content":{"rendered":"<div class=\"wp-block-image\">\n<figure class=\"alignleft size-full\"><img loading=\"lazy\" decoding=\"async\" width=\"600\" height=\"900\" src=\"https:\/\/surmonbosquet.celinecampillo.fr\/wp-content\/uploads\/2024\/10\/MG_1592.jpg\" alt=\"\" class=\"wp-image-69\" srcset=\"https:\/\/surmonbosquet.celinecampillo.fr\/wp-content\/uploads\/2024\/10\/MG_1592.jpg 600w, https:\/\/surmonbosquet.celinecampillo.fr\/wp-content\/uploads\/2024\/10\/MG_1592-200x300.jpg 200w\" sizes=\"auto, (max-width: 600px) 100vw, 600px\" \/><\/figure>\n<\/div>\n\n\n<p>Laissez-moi croire que j\u2019ai rencontr\u00e9 certains de mes ami.e.s il y a des millions d\u2019ann\u00e9es, car aussi loin que mes souvenirs me ram\u00e8nent, certains ont laiss\u00e9 des images de mon enfance intactes. Il y a celle qui est devenue cendre et \u00e9toiles aussi, \u00e0 qui je parle souvent, elle est partout. Et celle qui communique avec les morts.\u00a0<br>A mes ami.e.s\u00a0 dont la rencontre est due \u00e0 un peu de magie, dans l\u2019obscurit\u00e9 et la lumi\u00e8re. A ceux dont l\u2019\u00e2me est vieille et beaucoup plus jeune encore, je croiserai encore votre route.\u00a0<br>A ceux qui se sont endormis \u00e0 mes c\u00f4t\u00e9s et touch\u00e9 mes sens intens\u00e9ment.\u00a0<br>A ceux que je ne connais pas encore, et ceux avec qui j\u2019\u00e9change des mots et des pages noircies depuis si longtemps. J\u2019ai le go\u00fbt de l\u2019\u00e9criture probablement gr\u00e2ce \u00e0 vous.<\/p>\n\n\n\n<p><em>Photos\/texte: mars 2023<\/em><\/p>\n","protected":false},"excerpt":{"rendered":"<p>Laissez-moi croire que j\u2019ai rencontr\u00e9 certains de mes ami.e.s il y a des millions d\u2019ann\u00e9es, car aussi loin que mes souvenirs me ram\u00e8nent, certains ont laiss\u00e9 des images de mon enfance intactes. Il y a celle qui est devenue cendre et \u00e9toiles aussi, \u00e0 qui je parle souvent, elle est partout. Et celle qui communique&hellip; <a class=\"more-link\" href=\"https:\/\/surmonbosquet.celinecampillo.fr\/index.php\/2024\/10\/14\/a-tous-les-ami-es\/\">Poursuivre la lecture <span class=\"screen-reader-text\">A tous les ami.es<\/span><\/a><\/p>\n","protected":false},"author":1,"featured_media":69,"comment_status":"open","ping_status":"open","sticky":false,"template":"","format":"standard","meta":{"footnotes":""},"categories":[4],"tags":[],"class_list":["post-68","post","type-post","status-publish","format-standard","has-post-thumbnail","hentry","category-4","entry"],"_links":{"self":[{"href":"https:\/\/surmonbosquet.celinecampillo.fr\/index.php\/wp-json\/wp\/v2\/posts\/68","targetHints":{"allow":["GET"]}}],"collection":[{"href":"https:\/\/surmonbosquet.celinecampillo.fr\/index.php\/wp-json\/wp\/v2\/posts"}],"about":[{"href":"https:\/\/surmonbosquet.celinecampillo.fr\/index.php\/wp-json\/wp\/v2\/types\/post"}],"author":[{"embeddable":true,"href":"https:\/\/surmonbosquet.celinecampillo.fr\/index.php\/wp-json\/wp\/v2\/users\/1"}],"replies":[{"embeddable":true,"href":"https:\/\/surmonbosquet.celinecampillo.fr\/index.php\/wp-json\/wp\/v2\/comments?post=68"}],"version-history":[{"count":1,"href":"https:\/\/surmonbosquet.celinecampillo.fr\/index.php\/wp-json\/wp\/v2\/posts\/68\/revisions"}],"predecessor-version":[{"id":70,"href":"https:\/\/surmonbosquet.celinecampillo.fr\/index.php\/wp-json\/wp\/v2\/posts\/68\/revisions\/70"}],"wp:featuredmedia":[{"embeddable":true,"href":"https:\/\/surmonbosquet.celinecampillo.fr\/index.php\/wp-json\/wp\/v2\/media\/69"}],"wp:attachment":[{"href":"https:\/\/surmonbosquet.celinecampillo.fr\/index.php\/wp-json\/wp\/v2\/media?parent=68"}],"wp:term":[{"taxonomy":"category","embeddable":true,"href":"https:\/\/surmonbosquet.celinecampillo.fr\/index.php\/wp-json\/wp\/v2\/categories?post=68"},{"taxonomy":"post_tag","embeddable":true,"href":"https:\/\/surmonbosquet.celinecampillo.fr\/index.php\/wp-json\/wp\/v2\/tags?post=68"}],"curies":[{"name":"wp","href":"https:\/\/api.w.org\/{rel}","templated":true}]}}